{"id":3554,"date":"2020-07-13T12:26:00","date_gmt":"2020-07-13T16:26:00","guid":{"rendered":"http:\/\/cope.ubiobio.cl\/?p=3554"},"modified":"2020-07-20T12:56:01","modified_gmt":"2020-07-20T16:56:01","slug":"la-casa-pasiva-en-revista-cota-por-maureen-trebilcock","status":"publish","type":"post","link":"http:\/\/cope.ubiobio.cl\/?p=3554","title":{"rendered":"&#8220;La Casa Pasiva&#8221; en Revista COTA por Maureen Trebilcock"},"content":{"rendered":"\n<p>La investigadora Maureen Trebilcock ha publicado recientemente una columna sobre la casa pasiva en la <a rel=\"noreferrer noopener\" href=\"http:\/\/revistacota.cl\/n\/\" target=\"_blank\">revista COTA<\/a>, en su secci\u00f3n T\u00e9cnica y Tecnolog\u00eda. Compartimos con ustedes la columna, que hace parte del N\u00famero 13 y que puede leerse completo <a rel=\"noreferrer noopener\" href=\"http:\/\/revistacota.cl\/wp-content\/uploads\/2020\/07\/revistaCOTA_N13.pdf\" target=\"_blank\">aqu\u00ed<\/a><\/p>\n\n\n\n<figure class=\"wp-block-image size-large\"><a href=\"http:\/\/cope.ubiobio.cl\/wp-content\/uploads\/2020\/07\/revistaCOTA_N13-10_pages-to-jpg-0001.jpg\"><img loading=\"lazy\" decoding=\"async\" width=\"860\" height=\"1024\" src=\"http:\/\/cope.ubiobio.cl\/wp-content\/uploads\/2020\/07\/revistaCOTA_N13-10_pages-to-jpg-0001-860x1024.jpg\" alt=\"\" class=\"wp-image-3568\" srcset=\"http:\/\/cope.ubiobio.cl\/wp-content\/uploads\/2020\/07\/revistaCOTA_N13-10_pages-to-jpg-0001-860x1024.jpg 860w, http:\/\/cope.ubiobio.cl\/wp-content\/uploads\/2020\/07\/revistaCOTA_N13-10_pages-to-jpg-0001-252x300.jpg 252w, http:\/\/cope.ubiobio.cl\/wp-content\/uploads\/2020\/07\/revistaCOTA_N13-10_pages-to-jpg-0001-768x914.jpg 768w, http:\/\/cope.ubiobio.cl\/wp-content\/uploads\/2020\/07\/revistaCOTA_N13-10_pages-to-jpg-0001-1290x1536.jpg 1290w, http:\/\/cope.ubiobio.cl\/wp-content\/uploads\/2020\/07\/revistaCOTA_N13-10_pages-to-jpg-0001.jpg 1587w\" sizes=\"auto, (max-width: 860px) 100vw, 860px\" \/><\/a><\/figure>\n\n\n\n<div class=\"wp-block-file\"><a href=\"http:\/\/cope.ubiobio.cl\/wp-content\/uploads\/2020\/07\/revistaCOTA_N13-10.pdf\">PDF de la columna <\/a><a href=\"http:\/\/cope.ubiobio.cl\/wp-content\/uploads\/2020\/07\/revistaCOTA_N13-10.pdf\" class=\"wp-block-file__button\" download>Descargar<\/a><\/div>\n\n\n\n<p><\/p>\n","protected":false},"excerpt":{"rendered":"<p>La investigadora Maureen Trebilcock ha publicado recientemente una columna sobre la casa pasiva en la revista COTA, en su secci\u00f3n T\u00e9cnica y Tecnolog\u00eda. Compartimos con ustedes la columna, que hace parte del N\u00famero 13 y que puede leerse completo aqu\u00ed<\/p>\n","protected":false},"author":1,"featured_media":3573,"comment_status":"closed","ping_status":"closed","sticky":false,"template":"","format":"standard","meta":{"_jetpack_memberships_contains_paid_content":false,"footnotes":""},"categories":[269,45,265],"tags":[270,271,272],"class_list":["post-3554","post","type-post","status-publish","format-standard","has-post-thumbnail","hentry","category-columnas","category-media-2","category-noticias","tag-casa-pasiva","tag-columnas","tag-maureen-trebilcock"],"jetpack_featured_media_url":"http:\/\/cope.ubiobio.cl\/wp-content\/uploads\/2020\/07\/revistaCOTA_N13_pages-to-jpg-0001-e1595262737709.jpg","jetpack_sharing_enabled":true,"_links":{"self":[{"href":"http:\/\/cope.ubiobio.cl\/index.php?rest_route=\/wp\/v2\/posts\/3554","targetHints":{"allow":["GET"]}}],"collection":[{"href":"http:\/\/cope.ubiobio.cl\/index.php?rest_route=\/wp\/v2\/posts"}],"about":[{"href":"http:\/\/cope.ubiobio.cl\/index.php?rest_route=\/wp\/v2\/types\/post"}],"author":[{"embeddable":true,"href":"http:\/\/cope.ubiobio.cl\/index.php?rest_route=\/wp\/v2\/users\/1"}],"replies":[{"embeddable":true,"href":"http:\/\/cope.ubiobio.cl\/index.php?rest_route=%2Fwp%2Fv2%2Fcomments&post=3554"}],"version-history":[{"count":4,"href":"http:\/\/cope.ubiobio.cl\/index.php?rest_route=\/wp\/v2\/posts\/3554\/revisions"}],"predecessor-version":[{"id":3570,"href":"http:\/\/cope.ubiobio.cl\/index.php?rest_route=\/wp\/v2\/posts\/3554\/revisions\/3570"}],"wp:featuredmedia":[{"embeddable":true,"href":"http:\/\/cope.ubiobio.cl\/index.php?rest_route=\/wp\/v2\/media\/3573"}],"wp:attachment":[{"href":"http:\/\/cope.ubiobio.cl\/index.php?rest_route=%2Fwp%2Fv2%2Fmedia&parent=3554"}],"wp:term":[{"taxonomy":"category","embeddable":true,"href":"http:\/\/cope.ubiobio.cl\/index.php?rest_route=%2Fwp%2Fv2%2Fcategories&post=3554"},{"taxonomy":"post_tag","embeddable":true,"href":"http:\/\/cope.ubiobio.cl\/index.php?rest_route=%2Fwp%2Fv2%2Ftags&post=3554"}],"curies":[{"name":"wp","href":"https:\/\/api.w.org\/{rel}","templated":true}]}}